{"id":20780,"date":"2022-05-04T10:22:41","date_gmt":"2022-05-04T09:22:41","guid":{"rendered":"https:\/\/www.e-testing.fr\/?p=20780"},"modified":"2025-09-26T18:15:30","modified_gmt":"2025-09-26T16:15:30","slug":"salon-preventica-nantes-sante-securite-qualite-de-vie-au-travail","status":"publish","type":"post","link":"https:\/\/e-testing.fr\/fr\/salon-preventica-nantes-sante-securite-qualite-de-vie-au-travail\/","title":{"rendered":"Salon Pr\u00e9ventica Nantes, sant\u00e9, s\u00e9curit\u00e9 qualit\u00e9 de vie au travail"},"content":{"rendered":"\t\t<div data-elementor-type=\"wp-post\" data-elementor-id=\"20780\" class=\"elementor elementor-20780\" data-elementor-post-type=\"post\">\n\t\t\t\t<div class=\"elementor-element elementor-element-143e393d e-flex e-con-boxed e-con e-parent\" data-id=\"143e393d\" data-element_type=\"container\" data-e-type=\"container\">\n\t\t\t\t\t<div class=\"e-con-inner\">\n\t\t\t\t<div class=\"elementor-element elementor-element-6221937a elementor-widget elementor-widget-text-editor\" data-id=\"6221937a\" data-element_type=\"widget\" data-e-type=\"widget\" data-widget_type=\"text-editor.default\">\n\t\t\t\t<div class=\"elementor-widget-container\">\n\t\t\t\t\t\t\t\t\t<h2>E-testing au salon Pr\u00e9ventica de Nantes du 17 au 19 mai 2022<\/h2><p><span style=\"font-weight: 400;\">Retrouvez-nous au <strong>Salon Pr\u00e9ventica de Nantes<\/strong> le <strong>17,<\/strong> <strong>18 et 19 mai<\/strong> prochains \ud83d\udcc5<\/span><\/p><p>E-testing vous informe de sa pr\u00e9sence sur le salon <a href=\"https:\/\/www.linkedin.com\/company\/preventica\/\" data-attribute-index=\"0\" data-entity-hovercard-id=\"urn:li:fs_miniCompany:3114773\" data-entity-type=\"MINI_COMPANY\">Pr\u00e9ventica<\/a>, l\u2019\u00e9v\u00e9nement professionnel de r\u00e9f\u00e9rence en mati\u00e8re de sant\u00e9, s\u00e9curit\u00e9 et qualit\u00e9 de vie au travail ! \ud83c\udf0d<\/p><p>Nous serons heureux de vous rencontrer et vous pr\u00e9senter nos Serious Game : des tests anim\u00e9s qui visent \u00e0 vous accompagner dans la pr\u00e9vention des risques professionnels et la sensibilisation aux accidents de travail !<\/p>\t\t\t\t\t\t\t\t<\/div>\n\t\t\t\t<\/div>\n\t\t\t\t\t<\/div>\n\t\t\t\t<\/div>\n\t\t\t\t<\/div>\n\t\t","protected":false},"excerpt":{"rendered":"<p>E-testing au salon Pr\u00e9ventica de Nantes du 17 au 19 mai 2022 Retrouvez-nous au Salon Pr\u00e9ventica de Nantes le 17, 18 et 19 mai prochains \ud83d\udcc5 E-testing vous informe de sa pr\u00e9sence sur le salon Pr\u00e9ventica, l\u2019\u00e9v\u00e9nement professionnel de r\u00e9f\u00e9rence en mati\u00e8re de sant\u00e9, s\u00e9curit\u00e9 et qualit\u00e9 de vie au travail ! \ud83c\udf0d Nous serons [&hellip;]<\/p>\n","protected":false},"author":2,"featured_media":21501,"comment_status":"closed","ping_status":"closed","sticky":false,"template":"","format":"standard","meta":{"site-sidebar-layout":"default","site-content-layout":"","ast-site-content-layout":"default","site-content-style":"default","site-sidebar-style":"default","ast-global-header-display":"","ast-banner-title-visibility":"","ast-main-header-display":"","ast-hfb-above-header-display":"","ast-hfb-below-header-display":"","ast-hfb-mobile-header-display":"","site-post-title":"","ast-breadcrumbs-content":"","ast-featured-img":"","footer-sml-layout":"","theme-transparent-header-meta":"","adv-header-id-meta":"","stick-header-meta":"","header-above-stick-meta":"","header-main-stick-meta":"","header-below-stick-meta":"","astra-migrate-meta-layouts":"set","ast-page-background-enabled":"default","ast-page-background-meta":{"desktop":{"background-color":"var(--ast-global-color-4)","background-image":"","background-repeat":"repeat","background-position":"center center","background-size":"auto","background-attachment":"scroll","background-type":"","background-media":"","overlay-type":"","overlay-color":"","overlay-opacity":"","overlay-gradient":""},"tablet":{"background-color":"","background-image":"","background-repeat":"repeat","background-position":"center center","background-size":"auto","background-attachment":"scroll","background-type":"","background-media":"","overlay-type":"","overlay-color":"","overlay-opacity":"","overlay-gradient":""},"mobile":{"background-color":"","background-image":"","background-repeat":"repeat","background-position":"center center","background-size":"auto","background-attachment":"scroll","background-type":"","background-media":"","overlay-type":"","overlay-color":"","overlay-opacity":"","overlay-gradient":""}},"ast-content-background-meta":{"desktop":{"background-color":"var(--ast-global-color-5)","background-image":"","background-repeat":"repeat","background-position":"center center","background-size":"auto","background-attachment":"scroll","background-type":"","background-media":"","overlay-type":"","overlay-color":"","overlay-opacity":"","overlay-gradient":""},"tablet":{"background-color":"var(--ast-global-color-5)","background-image":"","background-repeat":"repeat","background-position":"center center","background-size":"auto","background-attachment":"scroll","background-type":"","background-media":"","overlay-type":"","overlay-color":"","overlay-opacity":"","overlay-gradient":""},"mobile":{"background-color":"var(--ast-global-color-5)","background-image":"","background-repeat":"repeat","background-position":"center center","background-size":"auto","background-attachment":"scroll","background-type":"","background-media":"","overlay-type":"","overlay-color":"","overlay-opacity":"","overlay-gradient":""}},"footnotes":""},"categories":[19],"tags":[],"post_folder":[],"class_list":["post-20780","post","type-post","status-publish","format-standard","has-post-thumbnail","hentry","category-actualites"],"yoast_head":"<!-- This site is optimized with the Yoast SEO plugin v26.5 - https:\/\/yoast.com\/wordpress\/plugins\/seo\/ -->\n<title>E-testing au salon Pr\u00e9ventica du 17 au 19 mai 2022<\/title>\n<meta name=\"description\" content=\"E-testing a le plaisir de vous annoncer sa participation au salon Pr\u00e9ventica du 23 au 25 Mai \u00e0 Paris Porte de Versailles\" \/>\n<meta name=\"robots\" content=\"index, follow, max-snippet:-1, max-image-preview:large, max-video-preview:-1\" \/>\n<link rel=\"canonical\" href=\"https:\/\/e-testing.fr\/fr\/salon-preventica-nantes-sante-securite-qualite-de-vie-au-travail\/\" \/>\n<meta property=\"og:locale\" content=\"fr_FR\" \/>\n<meta property=\"og:type\" content=\"article\" \/>\n<meta property=\"og:title\" content=\"E-testing au salon Pr\u00e9ventica du 17 au 19 mai 2022\" \/>\n<meta property=\"og:description\" content=\"E-testing a le plaisir de vous annoncer sa participation au salon Pr\u00e9ventica du 23 au 25 Mai \u00e0 Paris Porte de Versailles\" \/>\n<meta property=\"og:url\" content=\"https:\/\/e-testing.fr\/fr\/salon-preventica-nantes-sante-securite-qualite-de-vie-au-travail\/\" \/>\n<meta property=\"og:site_name\" content=\"E-testing\" \/>\n<meta property=\"article:published_time\" content=\"2022-05-04T09:22:41+00:00\" \/>\n<meta property=\"article:modified_time\" content=\"2025-09-26T16:15:30+00:00\" \/>\n<meta property=\"og:image\" content=\"https:\/\/e-testing.fr\/fr\/wp-content\/uploads\/2022\/05\/rs-prev-paris-2023-1.png\" \/>\n\t<meta property=\"og:image:width\" content=\"1200\" \/>\n\t<meta property=\"og:image:height\" content=\"1200\" \/>\n\t<meta property=\"og:image:type\" content=\"image\/png\" \/>\n<meta name=\"author\" content=\"Jean\" \/>\n<meta name=\"twitter:card\" content=\"summary_large_image\" \/>\n<meta name=\"twitter:label1\" content=\"\u00c9crit par\" \/>\n\t<meta name=\"twitter:data1\" content=\"Jean\" \/>\n\t<meta name=\"twitter:label2\" content=\"Dur\u00e9e de lecture estim\u00e9e\" \/>\n\t<meta name=\"twitter:data2\" content=\"1 minute\" \/>\n<script type=\"application\/ld+json\" class=\"yoast-schema-graph\">{\"@context\":\"https:\/\/schema.org\",\"@graph\":[{\"@type\":\"Article\",\"@id\":\"https:\/\/e-testing.fr\/fr\/salon-preventica-nantes-sante-securite-qualite-de-vie-au-travail\/#article\",\"isPartOf\":{\"@id\":\"https:\/\/e-testing.fr\/fr\/salon-preventica-nantes-sante-securite-qualite-de-vie-au-travail\/\"},\"author\":{\"name\":\"Jean\",\"@id\":\"https:\/\/e-testing.fr\/fr\/#\/schema\/person\/8b5c79b11c7508c5be3b0c194b171a7d\"},\"headline\":\"Salon Pr\u00e9ventica Nantes, sant\u00e9, s\u00e9curit\u00e9 qualit\u00e9 de vie au travail\",\"datePublished\":\"2022-05-04T09:22:41+00:00\",\"dateModified\":\"2025-09-26T16:15:30+00:00\",\"mainEntityOfPage\":{\"@id\":\"https:\/\/e-testing.fr\/fr\/salon-preventica-nantes-sante-securite-qualite-de-vie-au-travail\/\"},\"wordCount\":101,\"publisher\":{\"@id\":\"https:\/\/e-testing.fr\/fr\/#organization\"},\"image\":{\"@id\":\"https:\/\/e-testing.fr\/fr\/salon-preventica-nantes-sante-securite-qualite-de-vie-au-travail\/#primaryimage\"},\"thumbnailUrl\":\"https:\/\/e-testing.fr\/fr\/wp-content\/uploads\/2022\/05\/rs-prev-paris-2023-1.png\",\"articleSection\":[\"Actualit\u00e9s\"],\"inLanguage\":\"fr-FR\"},{\"@type\":\"WebPage\",\"@id\":\"https:\/\/e-testing.fr\/fr\/salon-preventica-nantes-sante-securite-qualite-de-vie-au-travail\/\",\"url\":\"https:\/\/e-testing.fr\/fr\/salon-preventica-nantes-sante-securite-qualite-de-vie-au-travail\/\",\"name\":\"E-testing au salon Pr\u00e9ventica du 17 au 19 mai 2022\",\"isPartOf\":{\"@id\":\"https:\/\/e-testing.fr\/fr\/#website\"},\"primaryImageOfPage\":{\"@id\":\"https:\/\/e-testing.fr\/fr\/salon-preventica-nantes-sante-securite-qualite-de-vie-au-travail\/#primaryimage\"},\"image\":{\"@id\":\"https:\/\/e-testing.fr\/fr\/salon-preventica-nantes-sante-securite-qualite-de-vie-au-travail\/#primaryimage\"},\"thumbnailUrl\":\"https:\/\/e-testing.fr\/fr\/wp-content\/uploads\/2022\/05\/rs-prev-paris-2023-1.png\",\"datePublished\":\"2022-05-04T09:22:41+00:00\",\"dateModified\":\"2025-09-26T16:15:30+00:00\",\"description\":\"E-testing a le plaisir de vous annoncer sa participation au salon Pr\u00e9ventica du 23 au 25 Mai \u00e0 Paris Porte de Versailles\",\"breadcrumb\":{\"@id\":\"https:\/\/e-testing.fr\/fr\/salon-preventica-nantes-sante-securite-qualite-de-vie-au-travail\/#breadcrumb\"},\"inLanguage\":\"fr-FR\",\"potentialAction\":[{\"@type\":\"ReadAction\",\"target\":[\"https:\/\/e-testing.fr\/fr\/salon-preventica-nantes-sante-securite-qualite-de-vie-au-travail\/\"]}]},{\"@type\":\"ImageObject\",\"inLanguage\":\"fr-FR\",\"@id\":\"https:\/\/e-testing.fr\/fr\/salon-preventica-nantes-sante-securite-qualite-de-vie-au-travail\/#primaryimage\",\"url\":\"https:\/\/e-testing.fr\/fr\/wp-content\/uploads\/2022\/05\/rs-prev-paris-2023-1.png\",\"contentUrl\":\"https:\/\/e-testing.fr\/fr\/wp-content\/uploads\/2022\/05\/rs-prev-paris-2023-1.png\",\"width\":1200,\"height\":1200,\"caption\":\"Pr\u00e9ventica\"},{\"@type\":\"BreadcrumbList\",\"@id\":\"https:\/\/e-testing.fr\/fr\/salon-preventica-nantes-sante-securite-qualite-de-vie-au-travail\/#breadcrumb\",\"itemListElement\":[{\"@type\":\"ListItem\",\"position\":1,\"name\":\"Accueil\",\"item\":\"https:\/\/e-testing.fr\/fr\/\"},{\"@type\":\"ListItem\",\"position\":2,\"name\":\"Salon Pr\u00e9ventica Nantes, sant\u00e9, s\u00e9curit\u00e9 qualit\u00e9 de vie au travail\"}]},{\"@type\":\"WebSite\",\"@id\":\"https:\/\/e-testing.fr\/fr\/#website\",\"url\":\"https:\/\/e-testing.fr\/fr\/\",\"name\":\"E-testing\",\"description\":\"\",\"publisher\":{\"@id\":\"https:\/\/e-testing.fr\/fr\/#organization\"},\"potentialAction\":[{\"@type\":\"SearchAction\",\"target\":{\"@type\":\"EntryPoint\",\"urlTemplate\":\"https:\/\/e-testing.fr\/fr\/?s={search_term_string}\"},\"query-input\":{\"@type\":\"PropertyValueSpecification\",\"valueRequired\":true,\"valueName\":\"search_term_string\"}}],\"inLanguage\":\"fr-FR\"},{\"@type\":\"Organization\",\"@id\":\"https:\/\/e-testing.fr\/fr\/#organization\",\"name\":\"E-testing\",\"url\":\"https:\/\/e-testing.fr\/fr\/\",\"logo\":{\"@type\":\"ImageObject\",\"inLanguage\":\"fr-FR\",\"@id\":\"https:\/\/e-testing.fr\/fr\/#\/schema\/logo\/image\/\",\"url\":\"https:\/\/e-testing.fr\/fr\/wp-content\/uploads\/2025\/01\/logo-E-testing-180.png\",\"contentUrl\":\"https:\/\/e-testing.fr\/fr\/wp-content\/uploads\/2025\/01\/logo-E-testing-180.png\",\"width\":180,\"height\":51,\"caption\":\"E-testing\"},\"image\":{\"@id\":\"https:\/\/e-testing.fr\/fr\/#\/schema\/logo\/image\/\"}},{\"@type\":\"Person\",\"@id\":\"https:\/\/e-testing.fr\/fr\/#\/schema\/person\/8b5c79b11c7508c5be3b0c194b171a7d\",\"name\":\"Jean\",\"image\":{\"@type\":\"ImageObject\",\"inLanguage\":\"fr-FR\",\"@id\":\"https:\/\/e-testing.fr\/fr\/#\/schema\/person\/image\/\",\"url\":\"https:\/\/secure.gravatar.com\/avatar\/c5d35e20e94b1831fb36a0dc9442989b566194637d1a515db69ecabcb389a7d8?s=96&d=mm&r=g\",\"contentUrl\":\"https:\/\/secure.gravatar.com\/avatar\/c5d35e20e94b1831fb36a0dc9442989b566194637d1a515db69ecabcb389a7d8?s=96&d=mm&r=g\",\"caption\":\"Jean\"}}]}<\/script>\n<!-- \/ Yoast SEO plugin. -->","yoast_head_json":{"title":"E-testing au salon Pr\u00e9ventica du 17 au 19 mai 2022","description":"E-testing a le plaisir de vous annoncer sa participation au salon Pr\u00e9ventica du 23 au 25 Mai \u00e0 Paris Porte de Versailles","robots":{"index":"index","follow":"follow","max-snippet":"max-snippet:-1","max-image-preview":"max-image-preview:large","max-video-preview":"max-video-preview:-1"},"canonical":"https:\/\/e-testing.fr\/fr\/salon-preventica-nantes-sante-securite-qualite-de-vie-au-travail\/","og_locale":"fr_FR","og_type":"article","og_title":"E-testing au salon Pr\u00e9ventica du 17 au 19 mai 2022","og_description":"E-testing a le plaisir de vous annoncer sa participation au salon Pr\u00e9ventica du 23 au 25 Mai \u00e0 Paris Porte de Versailles","og_url":"https:\/\/e-testing.fr\/fr\/salon-preventica-nantes-sante-securite-qualite-de-vie-au-travail\/","og_site_name":"E-testing","article_published_time":"2022-05-04T09:22:41+00:00","article_modified_time":"2025-09-26T16:15:30+00:00","og_image":[{"width":1200,"height":1200,"url":"https:\/\/e-testing.fr\/fr\/wp-content\/uploads\/2022\/05\/rs-prev-paris-2023-1.png","type":"image\/png"}],"author":"Jean","twitter_card":"summary_large_image","twitter_misc":{"\u00c9crit par":"Jean","Dur\u00e9e de lecture estim\u00e9e":"1 minute"},"schema":{"@context":"https:\/\/schema.org","@graph":[{"@type":"Article","@id":"https:\/\/e-testing.fr\/fr\/salon-preventica-nantes-sante-securite-qualite-de-vie-au-travail\/#article","isPartOf":{"@id":"https:\/\/e-testing.fr\/fr\/salon-preventica-nantes-sante-securite-qualite-de-vie-au-travail\/"},"author":{"name":"Jean","@id":"https:\/\/e-testing.fr\/fr\/#\/schema\/person\/8b5c79b11c7508c5be3b0c194b171a7d"},"headline":"Salon Pr\u00e9ventica Nantes, sant\u00e9, s\u00e9curit\u00e9 qualit\u00e9 de vie au travail","datePublished":"2022-05-04T09:22:41+00:00","dateModified":"2025-09-26T16:15:30+00:00","mainEntityOfPage":{"@id":"https:\/\/e-testing.fr\/fr\/salon-preventica-nantes-sante-securite-qualite-de-vie-au-travail\/"},"wordCount":101,"publisher":{"@id":"https:\/\/e-testing.fr\/fr\/#organization"},"image":{"@id":"https:\/\/e-testing.fr\/fr\/salon-preventica-nantes-sante-securite-qualite-de-vie-au-travail\/#primaryimage"},"thumbnailUrl":"https:\/\/e-testing.fr\/fr\/wp-content\/uploads\/2022\/05\/rs-prev-paris-2023-1.png","articleSection":["Actualit\u00e9s"],"inLanguage":"fr-FR"},{"@type":"WebPage","@id":"https:\/\/e-testing.fr\/fr\/salon-preventica-nantes-sante-securite-qualite-de-vie-au-travail\/","url":"https:\/\/e-testing.fr\/fr\/salon-preventica-nantes-sante-securite-qualite-de-vie-au-travail\/","name":"E-testing au salon Pr\u00e9ventica du 17 au 19 mai 2022","isPartOf":{"@id":"https:\/\/e-testing.fr\/fr\/#website"},"primaryImageOfPage":{"@id":"https:\/\/e-testing.fr\/fr\/salon-preventica-nantes-sante-securite-qualite-de-vie-au-travail\/#primaryimage"},"image":{"@id":"https:\/\/e-testing.fr\/fr\/salon-preventica-nantes-sante-securite-qualite-de-vie-au-travail\/#primaryimage"},"thumbnailUrl":"https:\/\/e-testing.fr\/fr\/wp-content\/uploads\/2022\/05\/rs-prev-paris-2023-1.png","datePublished":"2022-05-04T09:22:41+00:00","dateModified":"2025-09-26T16:15:30+00:00","description":"E-testing a le plaisir de vous annoncer sa participation au salon Pr\u00e9ventica du 23 au 25 Mai \u00e0 Paris Porte de Versailles","breadcrumb":{"@id":"https:\/\/e-testing.fr\/fr\/salon-preventica-nantes-sante-securite-qualite-de-vie-au-travail\/#breadcrumb"},"inLanguage":"fr-FR","potentialAction":[{"@type":"ReadAction","target":["https:\/\/e-testing.fr\/fr\/salon-preventica-nantes-sante-securite-qualite-de-vie-au-travail\/"]}]},{"@type":"ImageObject","inLanguage":"fr-FR","@id":"https:\/\/e-testing.fr\/fr\/salon-preventica-nantes-sante-securite-qualite-de-vie-au-travail\/#primaryimage","url":"https:\/\/e-testing.fr\/fr\/wp-content\/uploads\/2022\/05\/rs-prev-paris-2023-1.png","contentUrl":"https:\/\/e-testing.fr\/fr\/wp-content\/uploads\/2022\/05\/rs-prev-paris-2023-1.png","width":1200,"height":1200,"caption":"Pr\u00e9ventica"},{"@type":"BreadcrumbList","@id":"https:\/\/e-testing.fr\/fr\/salon-preventica-nantes-sante-securite-qualite-de-vie-au-travail\/#breadcrumb","itemListElement":[{"@type":"ListItem","position":1,"name":"Accueil","item":"https:\/\/e-testing.fr\/fr\/"},{"@type":"ListItem","position":2,"name":"Salon Pr\u00e9ventica Nantes, sant\u00e9, s\u00e9curit\u00e9 qualit\u00e9 de vie au travail"}]},{"@type":"WebSite","@id":"https:\/\/e-testing.fr\/fr\/#website","url":"https:\/\/e-testing.fr\/fr\/","name":"E-testing","description":"","publisher":{"@id":"https:\/\/e-testing.fr\/fr\/#organization"},"potentialAction":[{"@type":"SearchAction","target":{"@type":"EntryPoint","urlTemplate":"https:\/\/e-testing.fr\/fr\/?s={search_term_string}"},"query-input":{"@type":"PropertyValueSpecification","valueRequired":true,"valueName":"search_term_string"}}],"inLanguage":"fr-FR"},{"@type":"Organization","@id":"https:\/\/e-testing.fr\/fr\/#organization","name":"E-testing","url":"https:\/\/e-testing.fr\/fr\/","logo":{"@type":"ImageObject","inLanguage":"fr-FR","@id":"https:\/\/e-testing.fr\/fr\/#\/schema\/logo\/image\/","url":"https:\/\/e-testing.fr\/fr\/wp-content\/uploads\/2025\/01\/logo-E-testing-180.png","contentUrl":"https:\/\/e-testing.fr\/fr\/wp-content\/uploads\/2025\/01\/logo-E-testing-180.png","width":180,"height":51,"caption":"E-testing"},"image":{"@id":"https:\/\/e-testing.fr\/fr\/#\/schema\/logo\/image\/"}},{"@type":"Person","@id":"https:\/\/e-testing.fr\/fr\/#\/schema\/person\/8b5c79b11c7508c5be3b0c194b171a7d","name":"Jean","image":{"@type":"ImageObject","inLanguage":"fr-FR","@id":"https:\/\/e-testing.fr\/fr\/#\/schema\/person\/image\/","url":"https:\/\/secure.gravatar.com\/avatar\/c5d35e20e94b1831fb36a0dc9442989b566194637d1a515db69ecabcb389a7d8?s=96&d=mm&r=g","contentUrl":"https:\/\/secure.gravatar.com\/avatar\/c5d35e20e94b1831fb36a0dc9442989b566194637d1a515db69ecabcb389a7d8?s=96&d=mm&r=g","caption":"Jean"}}]}},"_links":{"self":[{"href":"https:\/\/e-testing.fr\/fr\/wp-json\/wp\/v2\/posts\/20780","targetHints":{"allow":["GET"]}}],"collection":[{"href":"https:\/\/e-testing.fr\/fr\/wp-json\/wp\/v2\/posts"}],"about":[{"href":"https:\/\/e-testing.fr\/fr\/wp-json\/wp\/v2\/types\/post"}],"author":[{"embeddable":true,"href":"https:\/\/e-testing.fr\/fr\/wp-json\/wp\/v2\/users\/2"}],"replies":[{"embeddable":true,"href":"https:\/\/e-testing.fr\/fr\/wp-json\/wp\/v2\/comments?post=20780"}],"version-history":[{"count":10,"href":"https:\/\/e-testing.fr\/fr\/wp-json\/wp\/v2\/posts\/20780\/revisions"}],"predecessor-version":[{"id":29065,"href":"https:\/\/e-testing.fr\/fr\/wp-json\/wp\/v2\/posts\/20780\/revisions\/29065"}],"wp:featuredmedia":[{"embeddable":true,"href":"https:\/\/e-testing.fr\/fr\/wp-json\/wp\/v2\/media\/21501"}],"wp:attachment":[{"href":"https:\/\/e-testing.fr\/fr\/wp-json\/wp\/v2\/media?parent=20780"}],"wp:term":[{"taxonomy":"category","embeddable":true,"href":"https:\/\/e-testing.fr\/fr\/wp-json\/wp\/v2\/categories?post=20780"},{"taxonomy":"post_tag","embeddable":true,"href":"https:\/\/e-testing.fr\/fr\/wp-json\/wp\/v2\/tags?post=20780"},{"taxonomy":"post_folder","embeddable":true,"href":"https:\/\/e-testing.fr\/fr\/wp-json\/wp\/v2\/post_folder?post=20780"}],"curies":[{"name":"wp","href":"https:\/\/api.w.org\/{rel}","templated":true}]}}